{"id":3757,"date":"2016-08-16T14:02:38","date_gmt":"2016-08-16T12:02:38","guid":{"rendered":"http:\/\/artistbooks.de\/blog\/?p=3757"},"modified":"2016-08-21T14:06:14","modified_gmt":"2016-08-21T12:06:14","slug":"the-cologne-art-book-fair-tcabf-die-2","status":"publish","type":"post","link":"https:\/\/artistbooks.de\/blog\/the-cologne-art-book-fair-tcabf-die-2\/","title":{"rendered":"The Cologne Art Book Fair (TCABF) die&nbsp;2."},"content":{"rendered":"<div id=\"attachment_3758\" style=\"width: 313px\" class=\"wp-caption alignleft\"><a href=\"http:\/\/www.thecologneartbookfair.com\/index.html\" target=\"_blank\"><img loading=\"lazy\" decoding=\"async\" aria-describedby=\"caption-attachment-3758\" class=\"wp-image-3758\" src=\"https:\/\/artistbooks.de\/blog\/wp-content\/uploads\/2016\/08\/tcabf-logo_new.png\" alt=\"The Cologne Art Book Fair 2016\" width=\"303\" height=\"290\" border=\"1\"><\/a><p id=\"caption-attachment-3758\" class=\"wp-caption-text\">19. bis 21. Au\u00adgust&nbsp;2016<\/p><\/div>\n<p><a href=\"http:\/\/www.thecologneartbookfair.com\/index_de.html\" target=\"_blank\">The Co\u00adlo\u00adgne Art Book Fair<\/a> (kurz: TCABF) wur\u00adde 2015 von An\u00addr\u00e9 Sau\u00ader, Ve\u00adre\u00adna Maas und (Tim), dem Ge\u00adsicht hin\u00adter TBOOKS COLOGNE, ins Le\u00adben ge\u00adru\u00adfen. TCABF bil\u00addet in K\u00f6ln ei\u00adne neue und wert\u00advol\u00adle Schnitt\u00adstel\u00adle f\u00fcr Freun\u00adde, Samm\u00adler und Ma\u00adcher von K\u00fcnst\u00adler\u00adb\u00fc\u00adchern, Fan\u00adzines, Edi\u00adtio\u00adnen <span class=\"amp\">&amp;<\/span>&nbsp;Unikaten.<\/p>\n<p>Die dies\u00adj\u00e4h\u00adri\u00adge Mes\u00adse wird 50 Aus\u00adstel\u00adler pr\u00e4\u00adsen\u00adtie\u00adren: K\u00fcnst\u00adler und Ver\u00adla\u00adge, die sich dem Me\u00addi\u00adum \u201cBuch als Kunst\u201d ver\u00adschrie\u00adben ha\u00adben. Im ku\u00adra\u00adto\u00adri\u00adschen Fo\u00adkus steht Eng\u00adland mit der dort be\u00adhei\u00adma\u00adte\u00adten Ar\u00adtists\u2019 Book-Sze\u00adne. Pr\u00e4\u00adsen\u00adtiert wer\u00adden K\u00fcnst\u00adler\u00adbuch\u00adma\u00adche\u00adrIn\u00adnen und selbst ver\u00adle\u00adgen\u00adde K\u00fcnst\u00adle\u00adrIn\u00adnen, die we\u00adni\u00adger auf in\u00adter\u00adna\u00adtio\u00adna\u00adlen Mes\u00adsen ver\u00adtre\u00adten, auf\u00adgrund ih\u00adres Schaf\u00adfens je\u00addoch ab\u00adso\u00adlut pr\u00e4\u00adgend f\u00fcr die K\u00fcnst\u00adler\u00adbuch-Sze\u00adne&nbsp;sind.<!--more--><\/p>\n<p>Die TCABF 2016 wird sich au\u00ad\u00dfer\u00addem mit der Ru\u00adbrik Art Vi\u00adnyl ei\u00adner be\u00adson\u00adde\u00adren Form der K\u00fcnst\u00adler\u00adpu\u00adbli\u00adka\u00adti\u00adon wid\u00admen: der Ton\u00adtr\u00e4\u00adger-Edi\u00adti\u00adon Bil\u00adden\u00adder K\u00fcnst\u00adle\u00adrIn\u00adnen. Die\u00adse neue Sek\u00adti\u00adon wird in Ko\u00adope\u00adra\u00adti\u00adon mit dem K\u00f6l\u00adner Schall\u00adplat\u00adten\u00adla\u00adden a\u2011Musik, ver\u00adtre\u00adten durch den Kunst\u00adhis\u00adto\u00adri\u00adker Wolf\u00adgang Braun\u00adeis und Frank Dom\u00admert, kon\u00adzi\u00adpiert. Bei\u00adde sind Mit\u00adbe\u00adtrei\u00adber von a\u2011Musik, ei\u00adner ein\u00adschl\u00e4\u00adgi\u00adgen Adres\u00adse f\u00fcr Ar\u00adtists\u2019 Re\u00adcords, und ha\u00adben zahl\u00adrei\u00adche Ton\u00adtr\u00e4\u00adger Bil\u00adden\u00adder K\u00fcnst\u00adle\u00adrIn\u00adnen pro\u00addu\u00adziert so\u00adwie re\u00adgel\u00adm\u00e4\u00ad\u00dfig zu die\u00adsem The\u00admen\u00adkom\u00adplex vor\u00adge\u00adtra\u00adgen, pu\u00adbli\u00adziert und gelehrt.<\/p>\n<p>Die Teil\u00adneh\u00admer&nbsp;2016:<br> 0815 Stu\u00addio, A\u2011Musik, Ana\u00adgram Books (UK), Arin\u00adda Cra\u00adci\u00adun, ARTIC, Co\u00adver\u00adtext, Cu\u00adbe\u00adar\u00adtedi\u00adti\u00adons (Greece), Folk\u00adwang Uni\u00adver\u00adsi\u00adt\u00e4t der K\u00fcns\u00adte, Ha\u00adb\u00adli\u00adzel, Her\u00admes Vil\u00adlena, HIMAA, Jen\u00adseits der Tram\u00adpel\u00adpfa\u00adde, Ju\u00addith Wei\u00ad\u00dfig, Ju\u00adte Bux, Kanz\u00adlei f\u00fcr Raum\u00adbe\u00adfra\u00adgung, Land\u00adfill Edi\u00adti\u00adons (UK), LFritz\/Photoszene, Les Gros Mon\u00adsieur, Mark Paw\u00adson (UK), Mert Sen\/House of Ruth, Kik\u00adiso\u00adso, Ki\u00adne\u00adma\u00adlis\u00admus, MOFF, Nie\u00adves (Schweiz), Ono\u00adma\u00adto\u00adpee, Pa\u00adra\u00adsi\u00adten\u00adpres\u00adse, St Patrick\u2019s Zi\u00adne Li\u00adbra\u00adry, Photoszene\/LFritz, Pres\u00adton is my Pa\u00adris (UK) , R\/NDOM Pu\u00adbli\u00adshing, Rich\u00adas Di\u00adgest, Ruud van Mor\u00adleg\u00adhem, Sa\u00adlon Ver\u00adlag, Sprung\u00adturm, Ste\u00adfan Marx, TBOOKS COLOGNE, TUT-TUT, Va\u00adrious Ar\u00adtist (Bel\u00adgi\u00adum)<\/p>\n<p><a href=\"http:\/\/www.thecologneartbookfair.com\/TCABF_Ausstellbegleiter_2016_web.pdf\" target=\"_blank\">Fes\u00adti\u00adval\u00adgui\u00adde als PDF downloaden!<\/a><\/p>\n<p>Frei\u00adtag, 19. Au\u00adgust 2016, 16 \u2013 22&nbsp;Uhr<br> Sams\u00adtag, 20. Au\u00adgust 2016, 12 \u2013 20&nbsp;Uhr<br> Sonn\u00adtag, 21. Au\u00adgust 2016, 12 \u2013 18&nbsp;Uhr,<br> Die Mes\u00adse is f\u00fcr je\u00adden of\u00adfen und der Ein\u00adtritt ist&nbsp;frei.<\/p>\n<p><\/p>\n","protected":false},"excerpt":{"rendered":"<p>The Co\u00adlo\u00adgne Art Book Fair (kurz: TCABF) wur\u00adde 2015 von An\u00addr\u00e9 Sau\u00ader, Ve\u00adre\u00adna Maas und (Tim), dem Ge\u00adsicht hin\u00adter TBOOKS COLOGNE, ins Le\u00adben ge\u00adru\u00adfen. TCABF bil\u00addet in K\u00f6ln ei\u00adne neue und wert\u00advol\u00adle Schnitt\u00adstel\u00adle f\u00fcr Freun\u00adde, Samm\u00adler und Ma\u00adcher von K\u00fcnst\u00adler\u00adb\u00fc\u00adchern, Fan\u00adzines, Edi\u00adtio\u00adnen <span class=\"amp\">&amp;<\/span>&nbsp;Uni\u00adka\u00adten. Die dies\u00adj\u00e4h\u00adri\u00adge Mes\u00adse wird 50 Aus\u00adstel\u00adler pr\u00e4\u00adsen\u00adtie\u00adren: K\u00fcnst\u00adler und Ver\u00adla\u00adge, die&nbsp;sich&nbsp;[\u2026]<\/p>\n","protected":false},"author":14,"featured_media":0,"comment_status":"closed","ping_status":"closed","sticky":false,"template":"","format":"standard","meta":{"wp_typography_post_enhancements_disabled":false,"footnotes":""},"categories":[3],"tags":[12,157,80,77,143],"class_list":["post-3757","post","type-post","status-publish","format-standard","hentry","category-events","tag-ausstellung","tag-koeln","tag-messe","tag-zeitschriften","tag-zines"],"yoast_head":"<!-- This site is optimized with the Yoast SEO plugin v27.5 - https:\/\/yoast.com\/product\/yoast-seo-wordpress\/ -->\n<title>The Cologne Art Book Fair (TCABF) die 2. - BLOG \u2022 Archive Artist Publications Archiv K\u00fcnstlerpublikationen \u2022 AAP<\/title>\n<meta name=\"description\" content=\"AAP Archiv f\u00fcr K\u00fcnstlerpublikationen \/ Archive Artist Publications\" \/>\n<meta name=\"robots\" content=\"index, follow, max-snippet:-1, max-image-preview:large, max-video-preview:-1\" \/>\n<link rel=\"canonical\" href=\"https:\/\/artistbooks.de\/blog\/the-cologne-art-book-fair-tcabf-die-2\/\" \/>\n<meta property=\"og:locale\" content=\"de_DE\" \/>\n<meta property=\"og:type\" content=\"article\" \/>\n<meta property=\"og:title\" content=\"The Cologne Art Book Fair (TCABF) die 2. - BLOG \u2022 Archive Artist Publications Archiv K\u00fcnstlerpublikationen \u2022 AAP\" \/>\n<meta property=\"og:description\" content=\"AAP Archiv f\u00fcr K\u00fcnstlerpublikationen \/ Archive Artist Publications\" \/>\n<meta property=\"og:url\" content=\"https:\/\/artistbooks.de\/blog\/the-cologne-art-book-fair-tcabf-die-2\/\" \/>\n<meta property=\"og:site_name\" content=\"BLOG \u2022 Archive Artist Publications Archiv K\u00fcnstlerpublikationen \u2022 AAP\" \/>\n<meta property=\"article:publisher\" content=\"https:\/\/www.facebook.com\/aap.archive.artist.publications\/\" \/>\n<meta property=\"article:published_time\" content=\"2016-08-16T12:02:38+00:00\" \/>\n<meta property=\"article:modified_time\" content=\"2016-08-21T12:06:14+00:00\" \/>\n<meta property=\"og:image\" content=\"http:\/\/artistbooks.de\/blog\/wp-content\/uploads\/2016\/08\/tcabf-logo_new.png\" \/>\n<meta name=\"author\" content=\"Hubert Kretschmer\" \/>\n<meta name=\"twitter:card\" content=\"summary_large_image\" \/>\n<meta name=\"twitter:creator\" content=\"@mail04140299\" \/>\n<meta name=\"twitter:site\" content=\"@mail04140299\" \/>\n<meta name=\"twitter:label1\" content=\"Verfasst von\" \/>\n\t<meta name=\"twitter:data1\" content=\"Hubert Kretschmer\" \/>\n\t<meta name=\"twitter:label2\" content=\"Gesch\u00e4tzte Lesezeit\" \/>\n\t<meta name=\"twitter:data2\" content=\"2\u00a0Minuten\" \/>\n<script type=\"application\/ld+json\" class=\"yoast-schema-graph\">{\"@context\":\"https:\\\/\\\/schema.org\",\"@graph\":[{\"@type\":\"Article\",\"@id\":\"https:\\\/\\\/artistbooks.de\\\/blog\\\/the-cologne-art-book-fair-tcabf-die-2\\\/#article\",\"isPartOf\":{\"@id\":\"https:\\\/\\\/artistbooks.de\\\/blog\\\/the-cologne-art-book-fair-tcabf-die-2\\\/\"},\"author\":{\"name\":\"Hubert Kretschmer\",\"@id\":\"https:\\\/\\\/artistbooks.de\\\/blog\\\/#\\\/schema\\\/person\\\/068d6dd0fbdbdeb443d491295c242f83\"},\"headline\":\"The Cologne Art Book Fair (TCABF) die&nbsp;2.\",\"datePublished\":\"2016-08-16T12:02:38+00:00\",\"dateModified\":\"2016-08-21T12:06:14+00:00\",\"mainEntityOfPage\":{\"@id\":\"https:\\\/\\\/artistbooks.de\\\/blog\\\/the-cologne-art-book-fair-tcabf-die-2\\\/\"},\"wordCount\":317,\"publisher\":{\"@id\":\"https:\\\/\\\/artistbooks.de\\\/blog\\\/#organization\"},\"image\":{\"@id\":\"https:\\\/\\\/artistbooks.de\\\/blog\\\/the-cologne-art-book-fair-tcabf-die-2\\\/#primaryimage\"},\"thumbnailUrl\":\"http:\\\/\\\/artistbooks.de\\\/blog\\\/wp-content\\\/uploads\\\/2016\\\/08\\\/tcabf-logo_new.png\",\"keywords\":[\"Ausstellung\",\"K\u00f6ln\",\"Messe\",\"Zeitschriften\",\"Zines\"],\"articleSection\":[\"Events\"],\"inLanguage\":\"de\"},{\"@type\":\"WebPage\",\"@id\":\"https:\\\/\\\/artistbooks.de\\\/blog\\\/the-cologne-art-book-fair-tcabf-die-2\\\/\",\"url\":\"https:\\\/\\\/artistbooks.de\\\/blog\\\/the-cologne-art-book-fair-tcabf-die-2\\\/\",\"name\":\"The Cologne Art Book Fair (TCABF) die 2. - BLOG \u2022 Archive Artist Publications Archiv K\u00fcnstlerpublikationen \u2022 AAP\",\"isPartOf\":{\"@id\":\"https:\\\/\\\/artistbooks.de\\\/blog\\\/#website\"},\"primaryImageOfPage\":{\"@id\":\"https:\\\/\\\/artistbooks.de\\\/blog\\\/the-cologne-art-book-fair-tcabf-die-2\\\/#primaryimage\"},\"image\":{\"@id\":\"https:\\\/\\\/artistbooks.de\\\/blog\\\/the-cologne-art-book-fair-tcabf-die-2\\\/#primaryimage\"},\"thumbnailUrl\":\"http:\\\/\\\/artistbooks.de\\\/blog\\\/wp-content\\\/uploads\\\/2016\\\/08\\\/tcabf-logo_new.png\",\"datePublished\":\"2016-08-16T12:02:38+00:00\",\"dateModified\":\"2016-08-21T12:06:14+00:00\",\"description\":\"AAP Archiv f\u00fcr K\u00fcnstlerpublikationen \\\/ Archive Artist Publications\",\"breadcrumb\":{\"@id\":\"https:\\\/\\\/artistbooks.de\\\/blog\\\/the-cologne-art-book-fair-tcabf-die-2\\\/#breadcrumb\"},\"inLanguage\":\"de\",\"potentialAction\":[{\"@type\":\"ReadAction\",\"target\":[\"https:\\\/\\\/artistbooks.de\\\/blog\\\/the-cologne-art-book-fair-tcabf-die-2\\\/\"]}]},{\"@type\":\"ImageObject\",\"inLanguage\":\"de\",\"@id\":\"https:\\\/\\\/artistbooks.de\\\/blog\\\/the-cologne-art-book-fair-tcabf-die-2\\\/#primaryimage\",\"url\":\"http:\\\/\\\/artistbooks.de\\\/blog\\\/wp-content\\\/uploads\\\/2016\\\/08\\\/tcabf-logo_new.png\",\"contentUrl\":\"http:\\\/\\\/artistbooks.de\\\/blog\\\/wp-content\\\/uploads\\\/2016\\\/08\\\/tcabf-logo_new.png\"},{\"@type\":\"BreadcrumbList\",\"@id\":\"https:\\\/\\\/artistbooks.de\\\/blog\\\/the-cologne-art-book-fair-tcabf-die-2\\\/#breadcrumb\",\"itemListElement\":[{\"@type\":\"ListItem\",\"position\":1,\"name\":\"Startseite\",\"item\":\"https:\\\/\\\/artistbooks.de\\\/blog\\\/\"},{\"@type\":\"ListItem\",\"position\":2,\"name\":\"The Cologne Art Book Fair (TCABF) die&nbsp;2.\"}]},{\"@type\":\"WebSite\",\"@id\":\"https:\\\/\\\/artistbooks.de\\\/blog\\\/#website\",\"url\":\"https:\\\/\\\/artistbooks.de\\\/blog\\\/\",\"name\":\"AAP Archive Artist Publications Archiv K\u00fcnstlerpublikationen\",\"description\":\"Beitr\u00e4ge zu internationalen K\u00fcnstlerPublikationen\",\"publisher\":{\"@id\":\"https:\\\/\\\/artistbooks.de\\\/blog\\\/#organization\"},\"potentialAction\":[{\"@type\":\"SearchAction\",\"target\":{\"@type\":\"EntryPoint\",\"urlTemplate\":\"https:\\\/\\\/artistbooks.de\\\/blog\\\/?s={search_term_string}\"},\"query-input\":{\"@type\":\"PropertyValueSpecification\",\"valueRequired\":true,\"valueName\":\"search_term_string\"}}],\"inLanguage\":\"de\"},{\"@type\":\"Organization\",\"@id\":\"https:\\\/\\\/artistbooks.de\\\/blog\\\/#organization\",\"name\":\"AAP Archive Artist Publications - Archiv K\u00fcnstlerb\u00fccher\",\"url\":\"https:\\\/\\\/artistbooks.de\\\/blog\\\/\",\"logo\":{\"@type\":\"ImageObject\",\"inLanguage\":\"de\",\"@id\":\"https:\\\/\\\/artistbooks.de\\\/blog\\\/#\\\/schema\\\/logo\\\/image\\\/\",\"url\":\"https:\\\/\\\/artistbooks.de\\\/blog\\\/wp-content\\\/uploads\\\/AAP-Logo.jpg\",\"contentUrl\":\"https:\\\/\\\/artistbooks.de\\\/blog\\\/wp-content\\\/uploads\\\/AAP-Logo.jpg\",\"width\":500,\"height\":117,\"caption\":\"AAP Archive Artist Publications - Archiv K\u00fcnstlerb\u00fccher\"},\"image\":{\"@id\":\"https:\\\/\\\/artistbooks.de\\\/blog\\\/#\\\/schema\\\/logo\\\/image\\\/\"},\"sameAs\":[\"https:\\\/\\\/www.facebook.com\\\/aap.archive.artist.publications\\\/\",\"https:\\\/\\\/x.com\\\/mail04140299\",\"https:\\\/\\\/www.instagram.com\\\/archiveartistpublications\\\/\",\"https:\\\/\\\/de.wikipedia.org\\\/wiki\\\/Archive_Artist_Publications\"]},{\"@type\":\"Person\",\"@id\":\"https:\\\/\\\/artistbooks.de\\\/blog\\\/#\\\/schema\\\/person\\\/068d6dd0fbdbdeb443d491295c242f83\",\"name\":\"Hubert Kretschmer\",\"image\":{\"@type\":\"ImageObject\",\"inLanguage\":\"de\",\"@id\":\"https:\\\/\\\/secure.gravatar.com\\\/avatar\\\/95309aa97ec38e0519345c955c68dfc0896ad667e142da1b10ec3603ba3e9e4f?s=96&d=blank&r=g\",\"url\":\"https:\\\/\\\/secure.gravatar.com\\\/avatar\\\/95309aa97ec38e0519345c955c68dfc0896ad667e142da1b10ec3603ba3e9e4f?s=96&d=blank&r=g\",\"contentUrl\":\"https:\\\/\\\/secure.gravatar.com\\\/avatar\\\/95309aa97ec38e0519345c955c68dfc0896ad667e142da1b10ec3603ba3e9e4f?s=96&d=blank&r=g\",\"caption\":\"Hubert Kretschmer\"},\"url\":\"https:\\\/\\\/artistbooks.de\\\/blog\\\/author\\\/huk-unterbau60\\\/\"}]}<\/script>\n<!-- \/ Yoast SEO plugin. -->","yoast_head_json":{"title":"The Cologne Art Book Fair (TCABF) die 2. - BLOG \u2022 Archive Artist Publications Archiv K\u00fcnstlerpublikationen \u2022 AAP","description":"AAP Archiv f\u00fcr K\u00fcnstlerpublikationen \/ Archive Artist Publications","robots":{"index":"index","follow":"follow","max-snippet":"max-snippet:-1","max-image-preview":"max-image-preview:large","max-video-preview":"max-video-preview:-1"},"canonical":"https:\/\/artistbooks.de\/blog\/the-cologne-art-book-fair-tcabf-die-2\/","og_locale":"de_DE","og_type":"article","og_title":"The Cologne Art Book Fair (TCABF) die 2. - BLOG \u2022 Archive Artist Publications Archiv K\u00fcnstlerpublikationen \u2022 AAP","og_description":"AAP Archiv f\u00fcr K\u00fcnstlerpublikationen \/ Archive Artist Publications","og_url":"https:\/\/artistbooks.de\/blog\/the-cologne-art-book-fair-tcabf-die-2\/","og_site_name":"BLOG \u2022 Archive Artist Publications Archiv K\u00fcnstlerpublikationen \u2022 AAP","article_publisher":"https:\/\/www.facebook.com\/aap.archive.artist.publications\/","article_published_time":"2016-08-16T12:02:38+00:00","article_modified_time":"2016-08-21T12:06:14+00:00","og_image":[{"url":"http:\/\/artistbooks.de\/blog\/wp-content\/uploads\/2016\/08\/tcabf-logo_new.png","type":"","width":"","height":""}],"author":"Hubert Kretschmer","twitter_card":"summary_large_image","twitter_creator":"@mail04140299","twitter_site":"@mail04140299","twitter_misc":{"Verfasst von":"Hubert Kretschmer","Gesch\u00e4tzte Lesezeit":"2\u00a0Minuten"},"schema":{"@context":"https:\/\/schema.org","@graph":[{"@type":"Article","@id":"https:\/\/artistbooks.de\/blog\/the-cologne-art-book-fair-tcabf-die-2\/#article","isPartOf":{"@id":"https:\/\/artistbooks.de\/blog\/the-cologne-art-book-fair-tcabf-die-2\/"},"author":{"name":"Hubert Kretschmer","@id":"https:\/\/artistbooks.de\/blog\/#\/schema\/person\/068d6dd0fbdbdeb443d491295c242f83"},"headline":"The Cologne Art Book Fair (TCABF) die&nbsp;2.","datePublished":"2016-08-16T12:02:38+00:00","dateModified":"2016-08-21T12:06:14+00:00","mainEntityOfPage":{"@id":"https:\/\/artistbooks.de\/blog\/the-cologne-art-book-fair-tcabf-die-2\/"},"wordCount":317,"publisher":{"@id":"https:\/\/artistbooks.de\/blog\/#organization"},"image":{"@id":"https:\/\/artistbooks.de\/blog\/the-cologne-art-book-fair-tcabf-die-2\/#primaryimage"},"thumbnailUrl":"http:\/\/artistbooks.de\/blog\/wp-content\/uploads\/2016\/08\/tcabf-logo_new.png","keywords":["Ausstellung","K\u00f6ln","Messe","Zeitschriften","Zines"],"articleSection":["Events"],"inLanguage":"de"},{"@type":"WebPage","@id":"https:\/\/artistbooks.de\/blog\/the-cologne-art-book-fair-tcabf-die-2\/","url":"https:\/\/artistbooks.de\/blog\/the-cologne-art-book-fair-tcabf-die-2\/","name":"The Cologne Art Book Fair (TCABF) die 2. - BLOG \u2022 Archive Artist Publications Archiv K\u00fcnstlerpublikationen \u2022 AAP","isPartOf":{"@id":"https:\/\/artistbooks.de\/blog\/#website"},"primaryImageOfPage":{"@id":"https:\/\/artistbooks.de\/blog\/the-cologne-art-book-fair-tcabf-die-2\/#primaryimage"},"image":{"@id":"https:\/\/artistbooks.de\/blog\/the-cologne-art-book-fair-tcabf-die-2\/#primaryimage"},"thumbnailUrl":"http:\/\/artistbooks.de\/blog\/wp-content\/uploads\/2016\/08\/tcabf-logo_new.png","datePublished":"2016-08-16T12:02:38+00:00","dateModified":"2016-08-21T12:06:14+00:00","description":"AAP Archiv f\u00fcr K\u00fcnstlerpublikationen \/ Archive Artist Publications","breadcrumb":{"@id":"https:\/\/artistbooks.de\/blog\/the-cologne-art-book-fair-tcabf-die-2\/#breadcrumb"},"inLanguage":"de","potentialAction":[{"@type":"ReadAction","target":["https:\/\/artistbooks.de\/blog\/the-cologne-art-book-fair-tcabf-die-2\/"]}]},{"@type":"ImageObject","inLanguage":"de","@id":"https:\/\/artistbooks.de\/blog\/the-cologne-art-book-fair-tcabf-die-2\/#primaryimage","url":"http:\/\/artistbooks.de\/blog\/wp-content\/uploads\/2016\/08\/tcabf-logo_new.png","contentUrl":"http:\/\/artistbooks.de\/blog\/wp-content\/uploads\/2016\/08\/tcabf-logo_new.png"},{"@type":"BreadcrumbList","@id":"https:\/\/artistbooks.de\/blog\/the-cologne-art-book-fair-tcabf-die-2\/#breadcrumb","itemListElement":[{"@type":"ListItem","position":1,"name":"Startseite","item":"https:\/\/artistbooks.de\/blog\/"},{"@type":"ListItem","position":2,"name":"The Cologne Art Book Fair (TCABF) die&nbsp;2."}]},{"@type":"WebSite","@id":"https:\/\/artistbooks.de\/blog\/#website","url":"https:\/\/artistbooks.de\/blog\/","name":"AAP Archive Artist Publications Archiv K\u00fcnstlerpublikationen","description":"Beitr\u00e4ge zu internationalen K\u00fcnstlerPublikationen","publisher":{"@id":"https:\/\/artistbooks.de\/blog\/#organization"},"potentialAction":[{"@type":"SearchAction","target":{"@type":"EntryPoint","urlTemplate":"https:\/\/artistbooks.de\/blog\/?s={search_term_string}"},"query-input":{"@type":"PropertyValueSpecification","valueRequired":true,"valueName":"search_term_string"}}],"inLanguage":"de"},{"@type":"Organization","@id":"https:\/\/artistbooks.de\/blog\/#organization","name":"AAP Archive Artist Publications - Archiv K\u00fcnstlerb\u00fccher","url":"https:\/\/artistbooks.de\/blog\/","logo":{"@type":"ImageObject","inLanguage":"de","@id":"https:\/\/artistbooks.de\/blog\/#\/schema\/logo\/image\/","url":"https:\/\/artistbooks.de\/blog\/wp-content\/uploads\/AAP-Logo.jpg","contentUrl":"https:\/\/artistbooks.de\/blog\/wp-content\/uploads\/AAP-Logo.jpg","width":500,"height":117,"caption":"AAP Archive Artist Publications - Archiv K\u00fcnstlerb\u00fccher"},"image":{"@id":"https:\/\/artistbooks.de\/blog\/#\/schema\/logo\/image\/"},"sameAs":["https:\/\/www.facebook.com\/aap.archive.artist.publications\/","https:\/\/x.com\/mail04140299","https:\/\/www.instagram.com\/archiveartistpublications\/","https:\/\/de.wikipedia.org\/wiki\/Archive_Artist_Publications"]},{"@type":"Person","@id":"https:\/\/artistbooks.de\/blog\/#\/schema\/person\/068d6dd0fbdbdeb443d491295c242f83","name":"Hubert Kretschmer","image":{"@type":"ImageObject","inLanguage":"de","@id":"https:\/\/secure.gravatar.com\/avatar\/95309aa97ec38e0519345c955c68dfc0896ad667e142da1b10ec3603ba3e9e4f?s=96&d=blank&r=g","url":"https:\/\/secure.gravatar.com\/avatar\/95309aa97ec38e0519345c955c68dfc0896ad667e142da1b10ec3603ba3e9e4f?s=96&d=blank&r=g","contentUrl":"https:\/\/secure.gravatar.com\/avatar\/95309aa97ec38e0519345c955c68dfc0896ad667e142da1b10ec3603ba3e9e4f?s=96&d=blank&r=g","caption":"Hubert Kretschmer"},"url":"https:\/\/artistbooks.de\/blog\/author\/huk-unterbau60\/"}]}},"_links":{"self":[{"href":"https:\/\/artistbooks.de\/blog\/wp-json\/wp\/v2\/posts\/3757","targetHints":{"allow":["GET"]}}],"collection":[{"href":"https:\/\/artistbooks.de\/blog\/wp-json\/wp\/v2\/posts"}],"about":[{"href":"https:\/\/artistbooks.de\/blog\/wp-json\/wp\/v2\/types\/post"}],"author":[{"embeddable":true,"href":"https:\/\/artistbooks.de\/blog\/wp-json\/wp\/v2\/users\/14"}],"replies":[{"embeddable":true,"href":"https:\/\/artistbooks.de\/blog\/wp-json\/wp\/v2\/comments?post=3757"}],"version-history":[{"count":6,"href":"https:\/\/artistbooks.de\/blog\/wp-json\/wp\/v2\/posts\/3757\/revisions"}],"predecessor-version":[{"id":3764,"href":"https:\/\/artistbooks.de\/blog\/wp-json\/wp\/v2\/posts\/3757\/revisions\/3764"}],"wp:attachment":[{"href":"https:\/\/artistbooks.de\/blog\/wp-json\/wp\/v2\/media?parent=3757"}],"wp:term":[{"taxonomy":"category","embeddable":true,"href":"https:\/\/artistbooks.de\/blog\/wp-json\/wp\/v2\/categories?post=3757"},{"taxonomy":"post_tag","embeddable":true,"href":"https:\/\/artistbooks.de\/blog\/wp-json\/wp\/v2\/tags?post=3757"}],"curies":[{"name":"wp","href":"https:\/\/api.w.org\/{rel}","templated":true}]}}